{"id":448,"date":"2024-08-02T12:19:07","date_gmt":"2024-08-02T12:19:07","guid":{"rendered":"https:\/\/ekw.ch\/?p=448"},"modified":"2025-10-13T16:37:00","modified_gmt":"2025-10-13T14:37:00","slug":"start-ins-berufsleben","status":"publish","type":"post","link":"https:\/\/ekw.ch\/?p=448","title":{"rendered":"Start ins Berufsleben"},"content":{"rendered":"\n<p class=\"wp-block-paragraph\"><\/p>\n\n\n\n<h4 class=\"wp-block-heading has-medium-font-size\">Herzlich willkommen, Philipp Aregger!<\/h4>\n\n\n\n<p class=\"wp-block-paragraph\"><\/p>\n\n\n\n<p class=\"wp-block-paragraph\">\u00dcberp\u00fcnktlich zum ersten Arbeitstag durften wir unseren Auszubildenden am 2. August 2024 begr\u00fcssen.<\/p>\n\n\n\n<p class=\"wp-block-paragraph\">In den n\u00e4chsten drei Jahren, d\u00fcrfen wir Philipp zum Abschluss als Netzelektriker EFZ begleiten.<\/p>\n\n\n\n<p class=\"wp-block-paragraph\">Wir freuen uns auf die Herausforderung und Zusammenarbeit.<\/p>\n\n\n\n<p class=\"wp-block-paragraph\">Herzlich Willkomm im Team&nbsp;<img data-recalc-dims=\"1\" decoding=\"async\" src=\"https:\/\/i0.wp.com\/www.ekw.ch\/media\/editors\/tinymce\/plugins\/emoticons\/img\/smiley-laughing.gif?w=525&#038;ssl=1\" alt=\"laughing\"><\/p>\n\n\n\n<p class=\"wp-block-paragraph\"> <\/p>\n\n\n\n<p class=\"wp-block-paragraph\"><\/p>\n\n\n\n<figure class=\"wp-block-image size-large\"><img data-recalc-dims=\"1\" loading=\"lazy\" decoding=\"async\" width=\"525\" height=\"596\" src=\"https:\/\/i0.wp.com\/ekw.ch\/wp-content\/uploads\/2024\/08\/20240711_Philipp_small.jpg?resize=525%2C596&#038;ssl=1\" alt=\"\" class=\"wp-image-446\" srcset=\"https:\/\/i0.wp.com\/ekw.ch\/wp-content\/uploads\/2024\/08\/20240711_Philipp_small-scaled.jpg?resize=902%2C1024&amp;ssl=1 902w, https:\/\/i0.wp.com\/ekw.ch\/wp-content\/uploads\/2024\/08\/20240711_Philipp_small-scaled.jpg?resize=264%2C300&amp;ssl=1 264w, https:\/\/i0.wp.com\/ekw.ch\/wp-content\/uploads\/2024\/08\/20240711_Philipp_small-scaled.jpg?resize=768%2C872&amp;ssl=1 768w, https:\/\/i0.wp.com\/ekw.ch\/wp-content\/uploads\/2024\/08\/20240711_Philipp_small-scaled.jpg?resize=1353%2C1536&amp;ssl=1 1353w, https:\/\/i0.wp.com\/ekw.ch\/wp-content\/uploads\/2024\/08\/20240711_Philipp_small-scaled.jpg?resize=1804%2C2048&amp;ssl=1 1804w, https:\/\/i0.wp.com\/ekw.ch\/wp-content\/uploads\/2024\/08\/20240711_Philipp_small-scaled.jpg?w=1050&amp;ssl=1 1050w, https:\/\/i0.wp.com\/ekw.ch\/wp-content\/uploads\/2024\/08\/20240711_Philipp_small-scaled.jpg?w=1575&amp;ssl=1 1575w\" sizes=\"auto, (max-width: 767px) 89vw, (max-width: 1000px) 54vw, (max-width: 1071px) 543px, 580px\" \/><\/figure>\n","protected":false},"excerpt":{"rendered":"<p>Herzlich willkommen, Philipp Aregger! \u00dcberp\u00fcnktlich zum ersten Arbeitstag durften wir unseren Auszubildenden am 2. August 2024 begr\u00fcssen. In den n\u00e4chsten drei Jahren, d\u00fcrfen wir Philipp zum Abschluss als Netzelektriker EFZ begleiten. Wir freuen uns auf die Herausforderung und Zusammenarbeit. Herzlich Willkomm im Team&nbsp;<\/p>\n","protected":false},"author":1,"featured_media":0,"comment_status":"closed","ping_status":"open","sticky":false,"template":"","format":"standard","meta":{"_acf_changed":false,"_jetpack_newsletter_access":"","_jetpack_dont_email_post_to_subs":false,"_jetpack_newsletter_tier_id":0,"_jetpack_memberships_contains_paywalled_content":false,"_jetpack_feature_clip_id":0,"_jetpack_memberships_contains_paid_content":false,"footnotes":"","jetpack_post_was_ever_published":false},"categories":[1],"tags":[],"class_list":["post-448","post","type-post","status-publish","format-standard","hentry","category-uncategorized"],"acf":[],"jetpack_sharing_enabled":true,"publishpress_future_action":{"enabled":false,"date":"2026-09-08 09:01:53","action":"change-status","newStatus":"draft","terms":[],"taxonomy":"category","extraData":[]},"publishpress_future_workflow_manual_trigger":{"enabledWorkflows":[]},"jetpack_featured_media_url":"","_links":{"self":[{"href":"https:\/\/ekw.ch\/index.php?rest_route=\/wp\/v2\/posts\/448","targetHints":{"allow":["GET"]}}],"collection":[{"href":"https:\/\/ekw.ch\/index.php?rest_route=\/wp\/v2\/posts"}],"about":[{"href":"https:\/\/ekw.ch\/index.php?rest_route=\/wp\/v2\/types\/post"}],"author":[{"embeddable":true,"href":"https:\/\/ekw.ch\/index.php?rest_route=\/wp\/v2\/users\/1"}],"replies":[{"embeddable":true,"href":"https:\/\/ekw.ch\/index.php?rest_route=%2Fwp%2Fv2%2Fcomments&post=448"}],"version-history":[{"count":3,"href":"https:\/\/ekw.ch\/index.php?rest_route=\/wp\/v2\/posts\/448\/revisions"}],"predecessor-version":[{"id":451,"href":"https:\/\/ekw.ch\/index.php?rest_route=\/wp\/v2\/posts\/448\/revisions\/451"}],"wp:attachment":[{"href":"https:\/\/ekw.ch\/index.php?rest_route=%2Fwp%2Fv2%2Fmedia&parent=448"}],"wp:term":[{"taxonomy":"category","embeddable":true,"href":"https:\/\/ekw.ch\/index.php?rest_route=%2Fwp%2Fv2%2Fcategories&post=448"},{"taxonomy":"post_tag","embeddable":true,"href":"https:\/\/ekw.ch\/index.php?rest_route=%2Fwp%2Fv2%2Ftags&post=448"}],"curies":[{"name":"wp","href":"https:\/\/api.w.org\/{rel}","templated":true}]}}